{"id":2483,"date":"2025-06-30T00:00:50","date_gmt":"2025-06-30T00:00:50","guid":{"rendered":"https:\/\/cervepar.com.py\/?p=2483"},"modified":"2025-08-12T20:19:34","modified_gmt":"2025-08-12T20:19:34","slug":"pilsen-recibe-el-sello-marca-pais-y-refuerza-su-compromiso-con-la-exportacion","status":"publish","type":"post","link":"https:\/\/cervepar.com.py\/index.php\/2025\/06\/30\/pilsen-recibe-el-sello-marca-pais-y-refuerza-su-compromiso-con-la-exportacion\/","title":{"rendered":"Pilsen recibe el sello Marca Pa\u00eds y refuerza su compromiso con la exportaci\u00f3n"},"content":{"rendered":"\n<p>Jun 30, 2025\u00a0<img fetchpriority=\"high\" decoding=\"async\" width=\"1080\" height=\"675\" srcset=\"https:\/\/www.rediex.gov.py\/wp-content\/uploads\/2025\/06\/pilsen-1-980x784.jpg 980w, https:\/\/www.rediex.gov.py\/wp-content\/uploads\/2025\/06\/pilsen-1-480x384.jpg 480w\" class=\"\" src=\"https:\/\/www.rediex.gov.py\/wp-content\/uploads\/2025\/06\/pilsen-1-1080x675.jpg\" alt=\"\"><\/p>\n\n\n\n<p><strong><em>El&nbsp;Viceministro&nbsp;de&nbsp;Rediex, Javier Viveros, hizo entrega oficial del sello \u201cMarca Pa\u00eds Paraguay\u201d a la reconocida cerveza Pilsen, en un acto realizado en las oficinas administrativas de&nbsp;Cervepar. Esta certificaci\u00f3n representa un hito para la marca, que consolida su identidad nacional y fortalece su plan de internacionalizaci\u00f3n.<\/em><\/strong><\/p>\n\n\n\n<p>La reconocida cerveza paraguaya Pilsen ha sido distinguida con la certificaci\u00f3n \u201cMarca Pa\u00eds Paraguay\u201d, un sello que reconoce a las empresas que representan lo mejor del pa\u00eds en t\u00e9rminos de calidad, identidad y proyecci\u00f3n internacional.<\/p>\n\n\n\n<p>Durante el evento, el Viceministro Viveros destac\u00f3 que \u201cesta es una marca profundamente arraigada en nuestra cultura, una bebida que se identifica con los paraguayos y que nos acompa\u00f1a en los momentos de celebraci\u00f3n y tradici\u00f3n\u201d. Asimismo, se\u00f1al\u00f3 que \u201cla larga trayectoria de Pilsen le permite hoy explorar con mayor determinaci\u00f3n su potencial de exportaci\u00f3n, conectando con nuestros compatriotas que se encuentran alrededor del mundo\u201d.<\/p>\n\n\n\n<p>Bruno Yuli, Director de Marketing de Cervepar, mencion\u00f3 que \u201cesta certificaci\u00f3n no solo consolida el prestigio de Pilsen a nivel nacional, sino que tambi\u00e9n refuerza su compromiso de seguir posicionando la cerveza paraguaya en el mundo\u201d. En esa l\u00ednea, Ylenia Peralta, Brand Manager de Pilsen, destac\u00f3 el crecimiento de comunidades paraguayas en el exterior: \u201cSabemos que hay paraguayos en todos los rincones, y que hoy tambi\u00e9n pueden disfrutar de una Pilsen como en casa\u201d.<\/p>\n\n\n\n<figure class=\"wp-block-image\"><img decoding=\"async\" src=\"https:\/\/www.rediex.gov.py\/wp-content\/uploads\/2025\/06\/pilsen-2-scaled.jpg\" alt=\"\" class=\"wp-image-6348\"\/><\/figure>\n\n\n\n<p>El Viceministro de Rediex tambi\u00e9n valor\u00f3 el compromiso de la marca con el deporte nacional al acompa\u00f1ar el Rally del Paraguay, subrayando que \u201cesta es otra pasi\u00f3n que nos une como pa\u00eds, y que Pilsen se sume a este evento hist\u00f3rico refleja a\u00fan m\u00e1s su esp\u00edritu nacional\u201d.<\/p>\n\n\n\n<p>La l\u00ednea Pilsen For Export refuerza ese prop\u00f3sito. La marca ya avanza en mercados como Espa\u00f1a y proyecta expandirse a Estados Unidos, llevando el sabor aut\u00e9ntico de Paraguay a nuevas audiencias. \u201cPilsen es una marca que nos representa, y por eso hoy celebramos este gran trabajo con el reconocimiento de Marca Pa\u00eds, un s\u00edmbolo que proyecta al mundo lo mejor de lo nuestro\u201d, concluy\u00f3 el viceministro.<\/p>\n\n\n\n<p>Este reconocimiento no solo posiciona a Pilsen como un \u00edcono nacional, sino que tambi\u00e9n refleja el acompa\u00f1amiento de Rediex, reafirmando el compromiso de la instituci\u00f3n con las empresas paraguayas que apuestan por crecer y trascender fronteras.<\/p>\n","protected":false},"excerpt":{"rendered":"<p>Jun 30, 2025\u00a0 El&nbsp;Viceministro&nbsp;de&nbsp;Rediex, Javier Viveros, hizo entrega oficial del sello \u201cMarca Pa\u00eds Paraguay\u201d a la reconocida cerveza Pilsen, en un acto realizado en las oficinas administrativas de&nbsp;Cervepar. Esta certificaci\u00f3n representa un hito para la marca, que consolida su identidad nacional y fortalece su plan de internacionalizaci\u00f3n. La reconocida cerveza paraguaya Pilsen ha sido distinguida [&hellip;]<\/p>\n","protected":false},"author":1,"featured_media":2488,"comment_status":"open","ping_status":"open","sticky":false,"template":"","format":"standard","meta":{"footnotes":""},"categories":[9],"tags":[19],"class_list":["post-2483","post","type-post","status-publish","format-standard","has-post-thumbnail","hentry","category-noticias","tag-rediex"],"_links":{"self":[{"href":"https:\/\/cervepar.com.py\/index.php\/wp-json\/wp\/v2\/posts\/2483","targetHints":{"allow":["GET"]}}],"collection":[{"href":"https:\/\/cervepar.com.py\/index.php\/wp-json\/wp\/v2\/posts"}],"about":[{"href":"https:\/\/cervepar.com.py\/index.php\/wp-json\/wp\/v2\/types\/post"}],"author":[{"embeddable":true,"href":"https:\/\/cervepar.com.py\/index.php\/wp-json\/wp\/v2\/users\/1"}],"replies":[{"embeddable":true,"href":"https:\/\/cervepar.com.py\/index.php\/wp-json\/wp\/v2\/comments?post=2483"}],"version-history":[{"count":0,"href":"https:\/\/cervepar.com.py\/index.php\/wp-json\/wp\/v2\/posts\/2483\/revisions"}],"wp:featuredmedia":[{"embeddable":true,"href":"https:\/\/cervepar.com.py\/index.php\/wp-json\/wp\/v2\/media\/2488"}],"wp:attachment":[{"href":"https:\/\/cervepar.com.py\/index.php\/wp-json\/wp\/v2\/media?parent=2483"}],"wp:term":[{"taxonomy":"category","embeddable":true,"href":"https:\/\/cervepar.com.py\/index.php\/wp-json\/wp\/v2\/categories?post=2483"},{"taxonomy":"post_tag","embeddable":true,"href":"https:\/\/cervepar.com.py\/index.php\/wp-json\/wp\/v2\/tags?post=2483"}],"curies":[{"name":"wp","href":"https:\/\/api.w.org\/{rel}","templated":true}]}}