{"id":2511,"date":"2025-06-11T00:00:46","date_gmt":"2025-06-11T00:00:46","guid":{"rendered":"https:\/\/cervepar.com.py\/?p=2511"},"modified":"2025-08-12T20:32:49","modified_gmt":"2025-08-12T20:32:49","slug":"programa-de-formacion-industrial-de-cervepar-lanza-120-becas-completas","status":"publish","type":"post","link":"https:\/\/cervepar.com.py\/index.php\/2025\/06\/11\/programa-de-formacion-industrial-de-cervepar-lanza-120-becas-completas\/","title":{"rendered":"Programa de formaci\u00f3n industrial de Cervepar lanza 120 becas completas"},"content":{"rendered":"\n<figure class=\"wp-block-image size-full\"><img fetchpriority=\"high\" decoding=\"async\" width=\"750\" height=\"406\" src=\"https:\/\/cervepar.com.py\/wp-content\/uploads\/2025\/08\/image-2.png\" alt=\"\" class=\"wp-image-2512\" srcset=\"https:\/\/cervepar.com.py\/wp-content\/uploads\/2025\/08\/image-2.png 750w, https:\/\/cervepar.com.py\/wp-content\/uploads\/2025\/08\/image-2-300x162.png 300w\" sizes=\"(max-width: 750px) 100vw, 750px\" \/><\/figure>\n\n\n\n<h1 class=\"wp-block-heading\"><\/h1>\n\n\n\n<p>11 julio, 2025<\/p>\n\n\n\n<p><em>Con el objetivo de generar oportunidades reales para la inserci\u00f3n laboral de j\u00f3venes del departamento Central, Cervepar present\u00f3 la quinta edici\u00f3n del Programa de Formaci\u00f3n Industrial (PFI), una iniciativa que este a\u00f1o otorgar\u00e1 120 becas completas a postulantes de Ypan\u00e9, Guarambar\u00e9, \u00d1emby, Villeta y alrededores.<\/em><\/p>\n\n\n\n<p>El programa est\u00e1 orientado a formar talento t\u00e9cnico en \u00e1reas clave para la industria, con una capacitaci\u00f3n intensiva que combina teor\u00eda y pr\u00e1ctica en rubros como:<\/p>\n\n\n\n<ul class=\"wp-block-list\">\n<li>Mec\u00e1nica Industrial (soldadura y herrer\u00eda)<\/li>\n\n\n\n<li>Electricidad Industrial con \u00e9nfasis en programaci\u00f3n de PLC<\/li>\n\n\n\n<li>Seguridad Industrial<\/li>\n\n\n\n<li>Manejo de Montacargas<\/li>\n<\/ul>\n\n\n\n<figure class=\"wp-block-image\"><a href=\"https:\/\/revistaplus.com.py\/wp-content\/uploads\/2025\/07\/120.jpg\"><img decoding=\"async\" src=\"https:\/\/revistaplus.com.py\/wp-content\/uploads\/2025\/07\/120-1024x683.jpg\" alt=\"\" class=\"wp-image-112916\"\/><\/a><figcaption class=\"wp-element-caption\"><strong><em>C\u00e9sar Ruiz, Soledad Saucedo, Horacio Ortiz, Leticia Garc\u00eda, Hugo Alonso, Cynthia Melgarejo y Osvaldo Achon.<\/em><\/strong><\/figcaption><\/figure>\n\n\n\n<p>Adem\u00e1s, el plan de estudios incluye m\u00f3dulos de inform\u00e1tica b\u00e1sica y habilidades blandas esenciales para el entorno laboral, como liderazgo, comunicaci\u00f3n efectiva y elaboraci\u00f3n de curr\u00edculum.<\/p>\n\n\n\n<p><strong>Formaci\u00f3n con impacto real<\/strong><\/p>\n\n\n\n<p>Las clases se desarrollar\u00e1n del 3 de septiembre al 31 de octubre, en modalidad presencial, en aulas especializadas del Centro de Distribuci\u00f3n de Guarambar\u00e9 de Cervepar.<\/p>\n\n\n\n<p>Las becas cubren el 100% del costo de formaci\u00f3n, incluyendo materiales, equipos de protecci\u00f3n personal, alimentaci\u00f3n y traslado. Adem\u00e1s, los mejores egresados tendr\u00e1n la posibilidad de acceder a pasant\u00edas en empresas del sector industrial.<\/p>\n\n\n\n<p><strong>Un esfuerzo articulado<\/strong><\/p>\n\n\n\n<p>El Programa de Formaci\u00f3n Industrial es posible gracias al trabajo conjunto entre el sector privado, organismos p\u00fablicos y centros educativos. La edici\u00f3n 2025 cuenta con el apoyo de la Municipalidad de Ypan\u00e9, Penguin Academy, la Escuela T\u00e9cnica Salesiana Don Bosco y el Centro Paraguayo de Productividad y Calidad (Ceprocal).<\/p>\n\n\n\n<p>Durante el acto de lanzamiento, Osvaldo Ach\u00f3n, presidente de Ceprocal, destac\u00f3 la importancia del programa:<\/p>\n\n\n\n<p>\u201cParaguay es un pa\u00eds de gente joven, y es fundamental brindarles herramientas concretas para acceder al mercado laboral. La capacitaci\u00f3n t\u00e9cnica es el primer paso, porque una mano de obra calificada tiene mayor productividad y calidad: es lo que hoy demanda el sector industrial\u201d.<\/p>\n\n\n\n<p>Ach\u00f3n remarc\u00f3 que Ceprocal estar\u00e1 a cargo de m\u00f3dulos clave como Seguridad Industrial y Manejo de Montacargas, reforzando el compromiso de la Uni\u00f3n Industrial Paraguaya con la formaci\u00f3n de talento local.<\/p>\n\n\n\n<p>\u201cDesde la UIP trabajamos para preparar a las personas seg\u00fan las necesidades reales de la industria\u201d, agreg\u00f3.<\/p>\n\n\n\n<p><strong>Inscripciones abiertas<\/strong><\/p>\n\n\n\n<p>Los j\u00f3venes interesados podr\u00e1n postularse del\u00a0<strong>10 al 30 de julio<\/strong>\u00a0completando el formulario disponible en:<br>\u00a0<a href=\"https:\/\/cervepar.com.py\/pfi\">cervepar.com.py\/pfi<\/a><\/p>\n\n\n\n<figure class=\"wp-block-image\"><a href=\"https:\/\/revistaplus.com.py\/wp-content\/uploads\/2025\/07\/100-68.jpg\"><img decoding=\"async\" src=\"https:\/\/revistaplus.com.py\/wp-content\/uploads\/2025\/07\/100-68-1024x683.jpg\" alt=\"\" class=\"wp-image-112915\"\/><\/a><\/figure>\n\n\n\n<figure class=\"wp-block-image\"><a href=\"https:\/\/revistaplus.com.py\/wp-content\/uploads\/2025\/07\/300-15.jpg\"><img decoding=\"async\" src=\"https:\/\/revistaplus.com.py\/wp-content\/uploads\/2025\/07\/300-15-1024x481.jpg\" alt=\"\" class=\"wp-image-112926\"\/><\/a><\/figure>\n","protected":false},"excerpt":{"rendered":"<p>11 julio, 2025 Con el objetivo de generar oportunidades reales para la inserci\u00f3n laboral de j\u00f3venes del departamento Central, Cervepar present\u00f3 la quinta edici\u00f3n del Programa de Formaci\u00f3n Industrial (PFI), una iniciativa que este a\u00f1o otorgar\u00e1 120 becas completas a postulantes de Ypan\u00e9, Guarambar\u00e9, \u00d1emby, Villeta y alrededores. El programa est\u00e1 orientado a formar talento [&hellip;]<\/p>\n","protected":false},"author":1,"featured_media":2513,"comment_status":"open","ping_status":"open","sticky":false,"template":"","format":"standard","meta":{"footnotes":""},"categories":[9],"tags":[15],"class_list":["post-2511","post","type-post","status-publish","format-standard","has-post-thumbnail","hentry","category-noticias","tag-revista-plus"],"_links":{"self":[{"href":"https:\/\/cervepar.com.py\/index.php\/wp-json\/wp\/v2\/posts\/2511","targetHints":{"allow":["GET"]}}],"collection":[{"href":"https:\/\/cervepar.com.py\/index.php\/wp-json\/wp\/v2\/posts"}],"about":[{"href":"https:\/\/cervepar.com.py\/index.php\/wp-json\/wp\/v2\/types\/post"}],"author":[{"embeddable":true,"href":"https:\/\/cervepar.com.py\/index.php\/wp-json\/wp\/v2\/users\/1"}],"replies":[{"embeddable":true,"href":"https:\/\/cervepar.com.py\/index.php\/wp-json\/wp\/v2\/comments?post=2511"}],"version-history":[{"count":0,"href":"https:\/\/cervepar.com.py\/index.php\/wp-json\/wp\/v2\/posts\/2511\/revisions"}],"wp:featuredmedia":[{"embeddable":true,"href":"https:\/\/cervepar.com.py\/index.php\/wp-json\/wp\/v2\/media\/2513"}],"wp:attachment":[{"href":"https:\/\/cervepar.com.py\/index.php\/wp-json\/wp\/v2\/media?parent=2511"}],"wp:term":[{"taxonomy":"category","embeddable":true,"href":"https:\/\/cervepar.com.py\/index.php\/wp-json\/wp\/v2\/categories?post=2511"},{"taxonomy":"post_tag","embeddable":true,"href":"https:\/\/cervepar.com.py\/index.php\/wp-json\/wp\/v2\/tags?post=2511"}],"curies":[{"name":"wp","href":"https:\/\/api.w.org\/{rel}","templated":true}]}}