{"id":2589,"date":"2025-10-09T21:17:39","date_gmt":"2025-10-09T21:17:39","guid":{"rendered":"https:\/\/cervepar.com.py\/?p=2589"},"modified":"2025-10-10T15:17:25","modified_gmt":"2025-10-10T15:17:25","slug":"pilsen-reciclarte-cerro-con-mas-de-10-000-latas-recicladas-y-un-mensaje-de-sostenibilidad","status":"publish","type":"post","link":"https:\/\/cervepar.com.py\/index.php\/2025\/10\/09\/pilsen-reciclarte-cerro-con-mas-de-10-000-latas-recicladas-y-un-mensaje-de-sostenibilidad\/","title":{"rendered":"Pilsen ReciclArte cerr\u00f3 con m\u00e1s de 10.000 latas recicladas y un mensaje de sostenibilidad"},"content":{"rendered":"\n<p><em>El emblem\u00e1tico Anfiteatro Jos\u00e9 Asunci\u00f3n Flores volvi\u00f3 a convertirse en el epicentro de la m\u00fasica, el arte y la cultura con una nueva edici\u00f3n de Pilsen ReciclArte, donde adem\u00e1s el p\u00fablico recicl\u00f3 m\u00e1s de 10.000 latas en dos jornadas que dejaron un claro mensaje de sostenibilidad.<\/em><\/p>\n\n\n\n<p>Este festival, uno de los m\u00e1s esperados del calendario cultural paraguayo, reuni\u00f3 a miles de personas en torno a un concepto que conecta la m\u00fasica con la naturaleza, el arte y la sostenibilidad, transformando la experiencia musical en un espacio de conciencia ambiental y social. El pasado s\u00e1bado 27 y domingo 28 de septiembre, p\u00fablico no solo disfrut\u00f3 de artistas de primer nivel, sino tambi\u00e9n de activaciones con un fuerte compromiso ambiental.<\/p>\n\n\n\n<p><strong>Compromiso con el ambiente<\/strong><\/p>\n\n\n\n<p>Pilsen reafirm\u00f3 su compromiso con el medio ambiente a trav\u00e9s de la plataforma <strong>Cuidapy<\/strong>, que promueve la conciencia ambiental y el cuidado responsable del pa\u00eds.<\/p>\n\n\n\n<p>En esta edici\u00f3n, la gran atracci\u00f3n fue el <strong>Desaf\u00edo Reciclismo<\/strong>, una activaci\u00f3n desarrollada junto al equipo de Movilcircular que se convirti\u00f3 en un verdadero \u00e9xito. A trav\u00e9s de las <strong>Compacbike<\/strong>, bicicletas dise\u00f1adas para compactar latas al pedalear, los asistentes pudieron vivir una experiencia divertida, din\u00e1mica y, sobre todo, con un impacto real porque <strong>se reciclaron m\u00e1s de 10.000 latas<\/strong>.<\/p>\n\n\n\n<p>La respuesta del p\u00fablico fue masiva y entusiasta. Las personas recolectaban sus latitas y se acercaban al stand para sumarse a la activaci\u00f3n, ya sea de manera individual o en grupos de amigos.<\/p>\n\n\n\n<p>La propuesta gener\u00f3 un triple impacto positivo: permiti\u00f3 mantener el predio libre de residuos, instal\u00f3 h\u00e1bitos de reciclaje en los asistentes y, al mismo tiempo, destin\u00f3 las latas compactadas a recicladores locales, fortaleciendo su trabajo y la cadena de valor del reciclaje. La mec\u00e1nica del desaf\u00edo consisti\u00f3 en compactar 5 latas en 10 segundos para ganar vales&nbsp; de Pilsen, Stella 0% alcohol y merchandising de la marca.<\/p>\n\n\n\n<p>\u201cDesde Pilsen estamos felices por haber impulsado un a\u00f1o m\u00e1s el Pilsen Reciclarte, un evento que nos conecta con miles de fan\u00e1ticos a trav\u00e9s de la m\u00fasica, el arte y todo lo que nos une. Adem\u00e1s, nos enorgullece que, a trav\u00e9s del Pilsen Reciclarte, podamos promover nuestro compromiso ambiental con la plataforma \u2018Cuidapy\u2019. Este a\u00f1o, en nuestro stand, los asistentes pudieron participar del \u2018Desaf\u00edo Reciclismo\u2019, una din\u00e1mica divertida en la que pudieron reciclar sus latas y, al mismo tiempo, ganar premios de Pilsen\u201d, se\u00f1al\u00f3 <strong>Ylenia Peralta, Gerente de Marketing de Cervepar<\/strong>.<\/p>\n\n\n\n<p>En ese mismo sentido, Peralta destac\u00f3 que, bajo el concepto de reciclaje, gran parte de la carteler\u00eda, los materiales publicitarios e incluso componentes de la estructura del evento fueron elaborados con materiales reciclados, reafirmando el compromiso del festival y de la compa\u00f1\u00eda con la sostenibilidad.<\/p>\n\n\n\n<p><strong>Consumo responsable<\/strong><\/p>\n\n\n\n<p>Otro de los ejes centrales del festival fue la promoci\u00f3n del consumo responsable, con mensajes que recordaron: <em>\u201cSi vas a tomar, no manejes\u201d<\/em>, <em>\u201cPara un disfrute inteligente, invitamos a las personas a alternar sus cervezas con cervezas 0.0% alcohol o a elegir una cerveza 0.0% alcohol en caso de que tengan que conducir\u201d<\/em> y <em>\u201cAcompa\u00f1\u00e1 tus cervezas con comidas\u201d<\/em>.<\/p>\n\n\n\n<p>\u201cEl consumo responsable es parte de nuestra identidad como compa\u00f1\u00eda, y el Pilsen ReciclArte no pod\u00eda quedar fuera de esta conversaci\u00f3n. Nuevamente promovimos a que las personas disfruten de sus cervezas acompa\u00f1adas de alimentos y que opten por alternativas de nuestro portafolio de marcas de Cervepar como Stella Artois 0.0%, especialmente cuando tienen que conducir. Queremos que este festival contin\u00fae siendo un espacio de celebraci\u00f3n y, al mismo tiempo, de disfrute inteligente\u201d, expres\u00f3 tambi\u00e9n Peralta.<\/p>\n\n\n\n<p>En este marco, un gran n\u00famero de asistentes hicieron uso del servicio de buses gratuitos de ida y vuelta disponible durante ambos d\u00edas del festival, con salidas desde Asunci\u00f3n y retornos desde San Bernardino en horarios especiales. La iniciativa tuvo como objetivo respaldar el consumo responsable y brindar a los participantes una opci\u00f3n segura de movilidad, reduciendo el riesgo de que alguien conduzca luego de consumir bebidas alcoh\u00f3licas.<\/p>\n\n\n\n<p><strong>Una campa\u00f1a que ya forma parte del p\u00fablico<\/strong><\/p>\n\n\n\n<p>Las acciones de Cervepar en torno al consumo inteligente se han consolidado en diversos como lo son los grandes festivales, como el Asunci\u00f3nico o el Mundial de Rally, alcanzando a miles de personas desde el lanzamiento de la iniciativa en 2021 hasta hoy.<\/p>\n\n\n\n<p><strong>Sobre Pilsen ReciclArte<\/strong><\/p>\n\n\n\n<p>El festival <strong>Pilsen ReciclArte<\/strong> naci\u00f3 en 2014 con el objetivo de celebrar la m\u00fasica, el arte y la conciencia ambiental en espacios ic\u00f3nicos como el Anfiteatro Jos\u00e9 Asunci\u00f3n Flores. A lo largo de los a\u00f1os, se consolid\u00f3 como uno de los eventos culturales m\u00e1s queridos del Paraguay, promoviendo la sostenibilidad, la creatividad y la integraci\u00f3n social.<\/p>\n","protected":false},"excerpt":{"rendered":"<p>El emblem\u00e1tico Anfiteatro Jos\u00e9 Asunci\u00f3n Flores volvi\u00f3 a convertirse en el epicentro de la m\u00fasica, el arte y la cultura con una nueva edici\u00f3n de Pilsen ReciclArte, donde adem\u00e1s el p\u00fablico recicl\u00f3 m\u00e1s de 10.000 latas en dos jornadas que dejaron un claro mensaje de sostenibilidad. Este festival, uno de los m\u00e1s esperados del calendario [&hellip;]<\/p>\n","protected":false},"author":1,"featured_media":2595,"comment_status":"open","ping_status":"open","sticky":false,"template":"","format":"standard","meta":{"footnotes":""},"categories":[12],"tags":[],"class_list":["post-2589","post","type-post","status-publish","format-standard","has-post-thumbnail","hentry","category-articulos-de-interes"],"_links":{"self":[{"href":"https:\/\/cervepar.com.py\/index.php\/wp-json\/wp\/v2\/posts\/2589","targetHints":{"allow":["GET"]}}],"collection":[{"href":"https:\/\/cervepar.com.py\/index.php\/wp-json\/wp\/v2\/posts"}],"about":[{"href":"https:\/\/cervepar.com.py\/index.php\/wp-json\/wp\/v2\/types\/post"}],"author":[{"embeddable":true,"href":"https:\/\/cervepar.com.py\/index.php\/wp-json\/wp\/v2\/users\/1"}],"replies":[{"embeddable":true,"href":"https:\/\/cervepar.com.py\/index.php\/wp-json\/wp\/v2\/comments?post=2589"}],"version-history":[{"count":0,"href":"https:\/\/cervepar.com.py\/index.php\/wp-json\/wp\/v2\/posts\/2589\/revisions"}],"wp:featuredmedia":[{"embeddable":true,"href":"https:\/\/cervepar.com.py\/index.php\/wp-json\/wp\/v2\/media\/2595"}],"wp:attachment":[{"href":"https:\/\/cervepar.com.py\/index.php\/wp-json\/wp\/v2\/media?parent=2589"}],"wp:term":[{"taxonomy":"category","embeddable":true,"href":"https:\/\/cervepar.com.py\/index.php\/wp-json\/wp\/v2\/categories?post=2589"},{"taxonomy":"post_tag","embeddable":true,"href":"https:\/\/cervepar.com.py\/index.php\/wp-json\/wp\/v2\/tags?post=2589"}],"curies":[{"name":"wp","href":"https:\/\/api.w.org\/{rel}","templated":true}]}}